{"id":5052,"date":"2025-06-06T15:32:17","date_gmt":"2025-06-06T15:32:17","guid":{"rendered":"https:\/\/hispanolaval.com\/fr\/?p=5052"},"modified":"2025-06-06T15:32:17","modified_gmt":"2025-06-06T15:32:17","slug":"actividades-de-verano-2025","status":"publish","type":"post","link":"https:\/\/hispanolaval.com\/fr\/2025\/06\/06\/actividades-de-verano-2025\/","title":{"rendered":"Actividades de verano 2025"},"content":{"rendered":"<p class=\"p1\"><span class=\"s1\">\ud83c\udf89 <\/span><b>\u00a1Disfrutemos juntos del verano 2025!<\/b><span class=\"s1\"> \ud83c\udf1e<\/span><\/p>\n<p class=\"p3\">La <span class=\"s2\"><b>Association Hispanophone de Laval<\/b><\/span> les invita cordialmente a participar en nuestras <span class=\"s2\"><b>actividades estivales<\/b><\/span>, pensadas para fomentar la convivencia, la salud y el disfrute de la naturaleza en un ambiente familiar y multicultural. \u00a1Acomp\u00e1\u00f1enos en nuestras caminatas y picnics comunitarios!<\/p>\n<hr \/>\n<h3><b>\ud83d\udeb6\u200d\u2642\ufe0f CAMINATAS FAMILIARES (10h00 \u2013 12h00)<\/b><\/h3>\n<p class=\"p3\">Una oportunidad ideal para explorar hermosos parques, caminar en buena compa\u00f1\u00eda y compartir momentos al aire libre. Todos los lugares cuentan con zonas de picnic y diferentes instalaciones para el disfrute de todos.<\/p>\n<ul>\n<li>\n<p class=\"p1\"><span class=\"s1\"><b>7 de junio<\/b><\/span>: Parc de l\u2019\u00cele-de-la-Visitation, Montr\u00e9al<\/p>\n<\/li>\n<li>\n<p class=\"p1\"><span class=\"s1\"><b>5 de julio<\/b><\/span>: Parc de la Rivi\u00e8re-du-Nord, Saint-J\u00e9r\u00f4me<\/p>\n<\/li>\n<li>\n<p class=\"p1\"><span class=\"s1\"><b>9 de agosto<\/b><\/span>: Parc Bois de Belle-Rivi\u00e8re, Mirabel<\/p>\n<\/li>\n<\/ul>\n<hr \/>\n<h3><b>\ud83c\udf49 PICNICS EN LAVAL (10h00 \u2013 12h00)<\/b><\/h3>\n<p class=\"p3\">\u00a1Traiga su lonchera, su manta y muchas ganas de compartir! Disfrutaremos de la naturaleza, m\u00fasica, juegos y la alegr\u00eda de nuestra comunidad.<\/p>\n<ul>\n<li>\n<p class=\"p1\"><b>21 de junio<\/b><b><\/b><\/p>\n<\/li>\n<li>\n<p class=\"p1\"><b>19 de julio<\/b><b><\/b><\/p>\n<\/li>\n<li>\n<p class=\"p1\"><b>23 de agosto<\/b><\/p>\n<\/li>\n<\/ul>\n<p class=\"p3\">\ud83d\udccd <span class=\"s2\"><b>Lugar<\/b><\/span>: Parc de la Rivi\u00e8re des Mille-\u00celes (secteur Sainte-Rose), Laval<\/p>\n<hr \/>\n<h3><b>\ud83d\udccc Confirmaci\u00f3n de participaci\u00f3n<\/b><\/h3>\n<p class=\"p3\">Por favor, <span class=\"s2\"><b>conf\u00edrmenos su participaci\u00f3n o desistimiento<\/b><\/span> para cada actividad con anticipaci\u00f3n. Antes de cada fecha, les enviaremos un <span class=\"s2\"><b>recordatorio con los detalles log\u00edsticos<\/b><\/span>, puntos de encuentro y recomendaciones.<\/p>\n<hr \/>\n<p class=\"p3\">\ud83d\udcac Si desea m\u00e1s informaci\u00f3n, no dude en contactarnos.<\/p>\n<p class=\"p3\">\ud83d\udce7 Email: info@hispanolaval.com<\/p>\n<p class=\"p3\">\ud83d\udcf1 Redes sociales:<\/p>\n<p class=\"p3\">https:\/\/www.facebook.com\/AssociationHispanophoneDeLaval<\/p>\n<p>https:\/\/www.instagram.com\/ahlaval\/<\/p>\n<p class=\"p3\">\u00a1Esperamos verlos pronto y disfrutar juntos de un verano inolvidable! \ud83c\udf33\u2600\ufe0f<\/p>\n<p>&nbsp;<\/p>\n","protected":false},"excerpt":{"rendered":"<p>\ud83c\udf89 \u00a1Disfrutemos juntos del verano 2025! \ud83c\udf1e La Association Hispanophone de Laval les invita cordialmente a participar en nuestras actividades estivales, pensadas para fomentar la convivencia, la salud y el disfrute de la naturaleza en un ambiente familiar y multicultural. \u00a1Acomp\u00e1\u00f1enos en nuestras caminatas y picnics comunitarios! \ud83d\udeb6\u200d\u2642\ufe0f CAMINATAS FAMILIARES (10h00 \u2013 12h00) Una oportunidad [&hellip;]<\/p>\n","protected":false},"author":98,"featured_media":5053,"comment_status":"closed","ping_status":"closed","sticky":false,"template":"","format":"standard","meta":{"_monsterinsights_skip_tracking":false,"_monsterinsights_sitenote_active":false,"_monsterinsights_sitenote_note":"","_monsterinsights_sitenote_category":0,"footnotes":""},"categories":[69],"tags":[],"class_list":["post-5052","post","type-post","status-publish","format-standard","has-post-thumbnail","hentry","category-non-classifie"],"_links":{"self":[{"href":"https:\/\/hispanolaval.com\/fr\/wp-json\/wp\/v2\/posts\/5052","targetHints":{"allow":["GET"]}}],"collection":[{"href":"https:\/\/hispanolaval.com\/fr\/wp-json\/wp\/v2\/posts"}],"about":[{"href":"https:\/\/hispanolaval.com\/fr\/wp-json\/wp\/v2\/types\/post"}],"author":[{"embeddable":true,"href":"https:\/\/hispanolaval.com\/fr\/wp-json\/wp\/v2\/users\/98"}],"replies":[{"embeddable":true,"href":"https:\/\/hispanolaval.com\/fr\/wp-json\/wp\/v2\/comments?post=5052"}],"version-history":[{"count":1,"href":"https:\/\/hispanolaval.com\/fr\/wp-json\/wp\/v2\/posts\/5052\/revisions"}],"predecessor-version":[{"id":5056,"href":"https:\/\/hispanolaval.com\/fr\/wp-json\/wp\/v2\/posts\/5052\/revisions\/5056"}],"wp:featuredmedia":[{"embeddable":true,"href":"https:\/\/hispanolaval.com\/fr\/wp-json\/wp\/v2\/media\/5053"}],"wp:attachment":[{"href":"https:\/\/hispanolaval.com\/fr\/wp-json\/wp\/v2\/media?parent=5052"}],"wp:term":[{"taxonomy":"category","embeddable":true,"href":"https:\/\/hispanolaval.com\/fr\/wp-json\/wp\/v2\/categories?post=5052"},{"taxonomy":"post_tag","embeddable":true,"href":"https:\/\/hispanolaval.com\/fr\/wp-json\/wp\/v2\/tags?post=5052"}],"curies":[{"name":"wp","href":"https:\/\/api.w.org\/{rel}","templated":true}]}}